{"id":12143,"date":"2025-08-27T15:07:30","date_gmt":"2025-08-27T11:07:30","guid":{"rendered":"https:\/\/agrcenter.com\/?p=12143"},"modified":"2025-08-27T15:25:38","modified_gmt":"2025-08-27T11:25:38","slug":"republique-de-cote-divoire-entre-le-realisme-de-la-democratie-et-les-images-de-la-dictature","status":"publish","type":"post","link":"https:\/\/agrcenter.com\/fr\/republique-de-cote-divoire-entre-le-realisme-de-la-democratie-et-les-images-de-la-dictature\/","title":{"rendered":"La relance du projet \u00ab Alli\u00e9s de l\u2019Est \u00bb est-elle une obligation soudanaise ou un choix somalien?"},"content":{"rendered":"\t\t<div data-elementor-type=\"wp-post\" data-elementor-id=\"12143\" class=\"elementor elementor-12143 elementor-12141\" data-elementor-post-type=\"post\">\n\t\t\t\t\t\t<section class=\"elementor-section elementor-top-section elementor-element elementor-element-64bf1571 background-transparent elementor-section-boxed elementor-section-height-default elementor-section-height-default\" data-id=\"64bf1571\" data-element_type=\"section\">\n\t\t\t\t\t\t<div class=\"elementor-container elementor-column-gap-default\">\n\t\t\t\t\t<div class=\"elementor-column elementor-col-100 elementor-top-column elementor-element elementor-element-3b0fcd6b background-transparent\" data-id=\"3b0fcd6b\" data-element_type=\"column\">\n\t\t\t<div class=\"elementor-widget-wrap elementor-element-populated\">\n\t\t\t\t\t\t<div class=\"elementor-element elementor-element-757434a6 elementor-widget elementor-widget-text-editor\" data-id=\"757434a6\" data-element_type=\"widget\" data-widget_type=\"text-editor.default\">\n\t\t\t\t<div class=\"elementor-widget-container\">\n\t\t\t\t\t\t\t\t\t<p>Des responsables politiques et certaines anciennes figures s\u00e9curitaires africaines relatent un \u00e9pisode survenu dans les ann\u00e9es 1980 : une r\u00e9union priv\u00e9e entre le ministre somalien de la S\u00e9curit\u00e9 nationale de l\u2019\u00e9poque, Ahmed Abdallah Youssouf, et l\u2019ancien ministre soudanais de l\u2019Int\u00e9rieur, le g\u00e9n\u00e9ral Abdel Rahman Farah. Ce dernier entama la conversation en d\u00e9clarant: \u00ab La presse am\u00e9ricaine d\u00e9crit la relation entre Khartoum et Mogadiscio comme une tension non d\u00e9clar\u00e9e. Je pense qu\u2019ils devraient \u00eatre plus pr\u00e9cis \u00e0 ce sujet \u00bb. Youssouf lui r\u00e9pondit : \u00ab Vos relations avec Washington sont excellentes, et il vous serait facile de vous renseigner aupr\u00e8s d\u2019eux sur ce que leur presse publie ! \u00c0 moins que vous n\u2019ayez d\u00e9cid\u00e9 de vous tourner vers l\u2019Est ? \u00bb. Farah r\u00e9pliqua : \u00ab Laissons de c\u00f4t\u00e9 nos diff\u00e9rences id\u00e9ologiques et poursuivons ce que nous cherchons \u00e0 accomplir dans la r\u00e9gion. \u00cates-vous pr\u00eats ? \u00bb. Youssouf conclut en disant : \u00ab La Somalie est pr\u00eate, si le Soudan est convaincu que la cl\u00e9 de sa s\u00e9curit\u00e9 passe par une concertation avec Mogadiscio \u00bb.<\/p><p>\u00a0<\/p><p>Le g\u00e9n\u00e9ral Abdel Rahman transmit ce message \u00e0 ses sup\u00e9rieurs \u00e0 Khartoum, dirig\u00e9s \u00e0 l\u2019\u00e9poque par le pr\u00e9sident Jaafar Nimeiri, lequel, bien qu\u2019attach\u00e9 \u00e0 la r\u00e9ussite du projet \u00ab Alli\u00e9s de l\u2019Est \u00bb, dut y renoncer sous la pression exerc\u00e9e sur Khartoum pour l\u2019enterrer. Ces pressions \u00e9taient d\u2019autant plus insurmontables que la direction soudanaise faisait face \u00e0 ce que les services de renseignement fran\u00e7ais qualifi\u00e8rent de \u00ab D\u00e9s\u00e9quilibre politique\u00bb, c\u2019est-\u00e0-dire un d\u00e9r\u00e8glement profond de l\u2019\u00e9quilibre politique, for\u00e7ant par la suite Nimeiri \u00e0 se retirer.<\/p><p>\u00a0<\/p><p>La visite r\u00e9cente du G\u00e9n\u00e9ral de corps d\u2019arm\u00e9e Ahmed Ibrahim Ali Mufaddal, Directeur du Service national de renseignement soudanais, en R\u00e9publique f\u00e9d\u00e9rale de Somalie, illustre des dimensions s\u00e9curitaires et politiques. Elle marque le retour de la ma\u00eetrise des institutions \u00e9tatiques soudanaises par leurs dirigeants. En raison de la multiplicit\u00e9 des routes contribuant \u00e0 l\u2019acheminement d\u2019armements aux milices des Forces de soutien rapide, la r\u00e9gion somalienne du Puntland s\u2019est impos\u00e9e comme l\u2019une des principales nouvelles voies d\u2019approvisionnement. Cela impose au Soudan de l\u2019apr\u00e8s-guerre de \u00ab formuler des orientations, d\u00e9finir des visions, diversifier les m\u00e9canismes et atteindre les objectifs\u00bb.<\/p><p>\u00a0<\/p><p>Tout comme l\u2019ensemble des pays voisins du Soudan savent que la victoire de l\u2019arm\u00e9e soudanaise dans cette guerre multinationale, aux orientations et approvisionnements multiples, a eu un impact strat\u00e9gique, s\u00e9curitaire et politique sur leur propre s\u00e9curit\u00e9 nationale, ils sont \u00e9galement conscients de la faible r\u00e9silience de leurs institutions en cas de crise similaire \u00e0 celle qu\u2019a travers\u00e9e l\u2019arm\u00e9e soudanaise. Cela signifie qu\u2019ils reconnaissent d\u00e9sormais qu\u2019un nouveau \u00ab rapport de forces \u00bb commence \u00e0 se dessiner, ce qui doit inciter Khartoum \u00e0 agir sans tarder.<\/p><p>\u00a0<\/p><p>Khartoum est consciente que l\u2019\u00c9tat somalien, dans sa configuration actuelle, ne dispose pas de la capacit\u00e9 n\u00e9cessaire pour emp\u00eacher les approvisionnements militaires en faveur des milices des Forces de soutien rapide en provenance de son territoire. Cette situation repr\u00e9sente une opportunit\u00e9 pour Khartoum de relancer le programme \u00ab Alli\u00e9s de l\u2019Est \u00bb, initi\u00e9 par la direction soudanaise dans les ann\u00e9es 1980, mais gel\u00e9 pour des \u00ab raisons politiques \u00bb.<\/p><p>\u00a0<\/p><p>Apr\u00e8s le succ\u00e8s de l\u2019institution militaire soudanaise dans l\u2019\u00e9radication de la r\u00e9bellion et la restauration de l\u2019\u00c9tat, il est imp\u00e9ratif pour Khartoum de concentrer ses efforts sur certains points et de renforcer tous les moyens pour les traduire en une strat\u00e9gie consolidant la s\u00e9curit\u00e9 nationale et r\u00e9gionale :<\/p><p>\u00a0<\/p><p>Les pays voisins du Soudan comprennent qu\u2019un nouveau rapport de forces est en train de se former dans la Corne de l\u2019Afrique. Il est pr\u00e9f\u00e9rable de coop\u00e9rer et de coordonner afin de pr\u00e9server les int\u00e9r\u00eats nationaux. Le succ\u00e8s des Forces arm\u00e9es soudanaises dans la gestion de cette guerre \u00ab multinationale, multiorient\u00e9e et multi-approvisionn\u00e9e \u00bb a eu un impact strat\u00e9gique, s\u00e9curitaire et politique sur l\u2019ensemble des pays voisins, qui reconnaissent la vuln\u00e9rabilit\u00e9 de leurs institutions face \u00e0 un sc\u00e9nario similaire. Cela impose \u00e0 l\u2019\u00c9tat soudanais de consolider son autorit\u00e9 et de renforcer ses institutions, devenues la seule entit\u00e9 capable d\u2019imposer un consensus national. Pour ce faire, il est propos\u00e9 :<\/p><p>\u00a0<\/p><p>\u00c9tablir un centre r\u00e9gional de formation tactique, bas\u00e9 \u00e0 Khartoum, regroupant les pays de la Corne de l\u2019Afrique et ceux de la r\u00e9gion des Grands Lacs. Sa mission sera de favoriser l\u2019\u00e9change d\u2019expertises s\u00e9curitaires et militaires, d\u2019\u00e9laborer des m\u00e9canismes concrets pour renforcer la s\u00e9curit\u00e9 des \u00c9tats membres, de d\u00e9velopper des strat\u00e9gies de lutte contre le terrorisme et les groupes arm\u00e9s mena\u00e7ant la souverainet\u00e9 des \u00c9tats, ainsi que d\u2019organiser des conf\u00e9rences et ateliers pour chercheurs et experts en s\u00e9curit\u00e9 et en politique.<\/p><p>\u00a0<\/p><p>Surveiller les fluctuations \u00ab s\u00e9curitaires \u00bb entre l\u2019\u00c9thiopie et la Somalie. Si Khartoum parvient \u00e0 les contenir, il sera possible d\u2019ass\u00e9cher les sources d\u2019approvisionnement militaire des milices des Forces de soutien rapide. \u00c0 ce titre, il est n\u00e9cessaire d\u2019analyser le r\u00f4le de la \u00ab Police Liyu \u00bb, une force paramilitaire de l\u2019\u00c9tat somali \u00e9thiopien, cr\u00e9\u00e9e avec l\u2019appui du service de s\u00e9curit\u00e9 \u00e9thiopien pour neutraliser le Front de lib\u00e9ration de l\u2019Ogaden (ONLF). Apr\u00e8s la d\u00e9gradation des relations \u00e9thio-somaliennes, certains membres ont rejoint l\u2019administration de Jubaland et d\u2019anciens combattants de l\u2019ONLF ont fait de m\u00eame, malgr\u00e9 la signature d\u2019un accord de paix en 2018. Ne percevant aucun b\u00e9n\u00e9fice tangible, ils ont migr\u00e9 vers Jubaland pour combattre Al-Shabaab en \u00e9change de r\u00e9mun\u00e9rations. Cela explique la nomination du colonel Khalid Sheikh Omar comme commandant des forces d\u2019infanterie somaliennes en novembre 2024, en raison de son pass\u00e9 \u00e0 la t\u00eate des services de renseignement de Jubaland et de son appartenance \u00e0 la Police Liyu. Cette situation a conduit Addis-Abeba \u00e0 repositionner ses forces de d\u00e9fense, retir\u00e9es de Harar, vers le commandement oriental \u00e0 Gode, pour montrer sa capacit\u00e9 \u00e0 s\u00e9curiser ses fronti\u00e8res contre la menace que repr\u00e9sente l\u2019envoi \u00e9ventuel de troupes \u00e9gyptiennes dans le cadre de la mission AUSSOM. Cette instabilit\u00e9 frontali\u00e8re favorise les trafics d\u2019armes dans la r\u00e9gion.<\/p><p>\u00a0<\/p><p>Je consid\u00e8re que, malgr\u00e9 l\u2019incertitude entourant son horizon, la relance du projet \u00ab Alli\u00e9s de l\u2019Est \u00bb semble plus probable au vu des \u00e9volutions s\u00e9curitaires et politiques dans la Corne de l\u2019Afrique et au Soudan, notamment si l\u2019on prend en compte le rapprochement soudano-\u00e9rythr\u00e9en, l\u2019axe \u00e9rythr\u00e9o-somalien et les oscillations \u00e9thiopiennes, motiv\u00e9es par un imp\u00e9ratif d\u2019existence et de redressement.<\/p><p>\u00a0<\/p><p><strong>Dr. Ameena Alarimi<\/strong><\/p><p>Chercheuse \u00e9miratie sp\u00e9cialiste des affaires africaines<\/p><p>\u00a0<\/p>\t\t\t\t\t\t\t\t<\/div>\n\t\t\t\t<\/div>\n\t\t\t\t\t<\/div>\n\t\t<\/div>\n\t\t\t\t\t<\/div>\n\t\t<\/section>\n\t\t\t\t<\/div>\n\t\t","protected":false},"excerpt":{"rendered":"<p>Des responsables politiques et certaines anciennes figures s\u00e9curitaires africaines relatent un \u00e9pisode survenu dans les ann\u00e9es 1980 : une r\u00e9union priv\u00e9e entre le ministre somalien de la S\u00e9curit\u00e9 nationale de l\u2019\u00e9poque, Ahmed Abdallah Youssouf, et l\u2019ancien ministre soudanais de l\u2019Int\u00e9rieur, le g\u00e9n\u00e9ral Abdel Rahman Farah. Ce dernier entama la conversation en d\u00e9clarant: <\/p>\n","protected":false},"author":6,"featured_media":12146,"comment_status":"open","ping_status":"open","sticky":false,"template":"","format":"standard","meta":{"_acf_changed":false,"footnotes":""},"categories":[98],"tags":[],"class_list":["post-12143","post","type-post","status-publish","format-standard","has-post-thumbnail","hentry","category-studies-and-research-fr"],"acf":[],"yoast_head":"<!-- This site is optimized with the Yoast SEO plugin v26.3 - https:\/\/yoast.com\/wordpress\/plugins\/seo\/ -->\n<title>La relance du projet \u00ab Alli\u00e9s de l\u2019Est \u00bb est-elle une obligation soudanaise ou un choix somalien? - \u0645\u0631\u0643\u0632 \u0627\u0644\u0639\u0644\u0627\u0642\u0627\u062a \u0627\u0644\u062e\u0644\u064a\u062c\u064a\u0629 \u0627\u0644\u0623\u0641\u0631\u064a\u0642\u064a\u0629<\/title>\n<meta name=\"robots\" content=\"index, follow, max-snippet:-1, max-image-preview:large, max-video-preview:-1\" \/>\n<link rel=\"canonical\" href=\"https:\/\/agrcenter.com\/fr\/republique-de-cote-divoire-entre-le-realisme-de-la-democratie-et-les-images-de-la-dictature\/\" \/>\n<meta property=\"og:locale\" content=\"fr_FR\" \/>\n<meta property=\"og:type\" content=\"article\" \/>\n<meta property=\"og:title\" content=\"La relance du projet \u00ab Alli\u00e9s de l\u2019Est \u00bb est-elle une obligation soudanaise ou un choix somalien? - \u0645\u0631\u0643\u0632 \u0627\u0644\u0639\u0644\u0627\u0642\u0627\u062a \u0627\u0644\u062e\u0644\u064a\u062c\u064a\u0629 \u0627\u0644\u0623\u0641\u0631\u064a\u0642\u064a\u0629\" \/>\n<meta property=\"og:description\" content=\"Des responsables politiques et certaines anciennes figures s\u00e9curitaires africaines relatent un \u00e9pisode survenu dans les ann\u00e9es 1980 : une r\u00e9union priv\u00e9e entre le ministre somalien de la S\u00e9curit\u00e9 nationale de l\u2019\u00e9poque, Ahmed Abdallah Youssouf, et l\u2019ancien ministre soudanais de l\u2019Int\u00e9rieur, le g\u00e9n\u00e9ral Abdel Rahman Farah. Ce dernier entama la conversation en d\u00e9clarant:\" \/>\n<meta property=\"og:url\" content=\"https:\/\/agrcenter.com\/fr\/republique-de-cote-divoire-entre-le-realisme-de-la-democratie-et-les-images-de-la-dictature\/\" \/>\n<meta property=\"og:site_name\" content=\"\u0645\u0631\u0643\u0632 \u0627\u0644\u0639\u0644\u0627\u0642\u0627\u062a \u0627\u0644\u062e\u0644\u064a\u062c\u064a\u0629 \u0627\u0644\u0623\u0641\u0631\u064a\u0642\u064a\u0629\" \/>\n<meta property=\"article:publisher\" content=\"https:\/\/www.facebook.com\/agrcenter.2022\" \/>\n<meta property=\"article:published_time\" content=\"2025-08-27T11:07:30+00:00\" \/>\n<meta property=\"article:modified_time\" content=\"2025-08-27T11:25:38+00:00\" \/>\n<meta property=\"og:image\" content=\"https:\/\/agrcenter.com\/wp-content\/uploads\/2025\/08\/WhatsApp-Image-2025-08-26-at-20.27.19.jpeg\" \/>\n\t<meta property=\"og:image:width\" content=\"1280\" \/>\n\t<meta property=\"og:image:height\" content=\"853\" \/>\n\t<meta property=\"og:image:type\" content=\"image\/jpeg\" \/>\n<meta name=\"author\" content=\"t t\" \/>\n<meta name=\"twitter:card\" content=\"summary_large_image\" \/>\n<meta name=\"twitter:creator\" content=\"@agrcenter\" \/>\n<meta name=\"twitter:site\" content=\"@agrcenter\" \/>\n<meta name=\"twitter:label1\" content=\"\u00c9crit par\" \/>\n\t<meta name=\"twitter:data1\" content=\"t t\" \/>\n\t<meta name=\"twitter:label2\" content=\"Dur\u00e9e de lecture estim\u00e9e\" \/>\n\t<meta name=\"twitter:data2\" content=\"6 minutes\" \/>\n<script type=\"application\/ld+json\" class=\"yoast-schema-graph\">{\"@context\":\"https:\/\/schema.org\",\"@graph\":[{\"@type\":\"Article\",\"@id\":\"https:\/\/agrcenter.com\/fr\/republique-de-cote-divoire-entre-le-realisme-de-la-democratie-et-les-images-de-la-dictature\/#article\",\"isPartOf\":{\"@id\":\"https:\/\/agrcenter.com\/fr\/republique-de-cote-divoire-entre-le-realisme-de-la-democratie-et-les-images-de-la-dictature\/\"},\"author\":{\"name\":\"t t\",\"@id\":\"https:\/\/agrcenter.com\/fr\/#\/schema\/person\/317ad6e0e679bf6784cd4c75eec885c6\"},\"headline\":\"La relance du projet \u00ab Alli\u00e9s de l\u2019Est \u00bb est-elle une obligation soudanaise ou un choix somalien?\",\"datePublished\":\"2025-08-27T11:07:30+00:00\",\"dateModified\":\"2025-08-27T11:25:38+00:00\",\"mainEntityOfPage\":{\"@id\":\"https:\/\/agrcenter.com\/fr\/republique-de-cote-divoire-entre-le-realisme-de-la-democratie-et-les-images-de-la-dictature\/\"},\"wordCount\":1174,\"commentCount\":0,\"publisher\":{\"@id\":\"https:\/\/agrcenter.com\/fr\/#organization\"},\"image\":{\"@id\":\"https:\/\/agrcenter.com\/fr\/republique-de-cote-divoire-entre-le-realisme-de-la-democratie-et-les-images-de-la-dictature\/#primaryimage\"},\"thumbnailUrl\":\"https:\/\/agrcenter.com\/wp-content\/uploads\/2025\/08\/WhatsApp-Image-2025-08-26-at-20.27.19.jpeg\",\"articleSection\":[\"\u00c9tudes et recherches\"],\"inLanguage\":\"fr-FR\",\"potentialAction\":[{\"@type\":\"CommentAction\",\"name\":\"Comment\",\"target\":[\"https:\/\/agrcenter.com\/fr\/republique-de-cote-divoire-entre-le-realisme-de-la-democratie-et-les-images-de-la-dictature\/#respond\"]}]},{\"@type\":\"WebPage\",\"@id\":\"https:\/\/agrcenter.com\/fr\/republique-de-cote-divoire-entre-le-realisme-de-la-democratie-et-les-images-de-la-dictature\/\",\"url\":\"https:\/\/agrcenter.com\/fr\/republique-de-cote-divoire-entre-le-realisme-de-la-democratie-et-les-images-de-la-dictature\/\",\"name\":\"La relance du projet \u00ab Alli\u00e9s de l\u2019Est \u00bb est-elle une obligation soudanaise ou un choix somalien? - \u0645\u0631\u0643\u0632 \u0627\u0644\u0639\u0644\u0627\u0642\u0627\u062a \u0627\u0644\u062e\u0644\u064a\u062c\u064a\u0629 \u0627\u0644\u0623\u0641\u0631\u064a\u0642\u064a\u0629\",\"isPartOf\":{\"@id\":\"https:\/\/agrcenter.com\/fr\/#website\"},\"primaryImageOfPage\":{\"@id\":\"https:\/\/agrcenter.com\/fr\/republique-de-cote-divoire-entre-le-realisme-de-la-democratie-et-les-images-de-la-dictature\/#primaryimage\"},\"image\":{\"@id\":\"https:\/\/agrcenter.com\/fr\/republique-de-cote-divoire-entre-le-realisme-de-la-democratie-et-les-images-de-la-dictature\/#primaryimage\"},\"thumbnailUrl\":\"https:\/\/agrcenter.com\/wp-content\/uploads\/2025\/08\/WhatsApp-Image-2025-08-26-at-20.27.19.jpeg\",\"datePublished\":\"2025-08-27T11:07:30+00:00\",\"dateModified\":\"2025-08-27T11:25:38+00:00\",\"breadcrumb\":{\"@id\":\"https:\/\/agrcenter.com\/fr\/republique-de-cote-divoire-entre-le-realisme-de-la-democratie-et-les-images-de-la-dictature\/#breadcrumb\"},\"inLanguage\":\"fr-FR\",\"potentialAction\":[{\"@type\":\"ReadAction\",\"target\":[\"https:\/\/agrcenter.com\/fr\/republique-de-cote-divoire-entre-le-realisme-de-la-democratie-et-les-images-de-la-dictature\/\"]}]},{\"@type\":\"ImageObject\",\"inLanguage\":\"fr-FR\",\"@id\":\"https:\/\/agrcenter.com\/fr\/republique-de-cote-divoire-entre-le-realisme-de-la-democratie-et-les-images-de-la-dictature\/#primaryimage\",\"url\":\"https:\/\/agrcenter.com\/wp-content\/uploads\/2025\/08\/WhatsApp-Image-2025-08-26-at-20.27.19.jpeg\",\"contentUrl\":\"https:\/\/agrcenter.com\/wp-content\/uploads\/2025\/08\/WhatsApp-Image-2025-08-26-at-20.27.19.jpeg\",\"width\":1280,\"height\":853},{\"@type\":\"BreadcrumbList\",\"@id\":\"https:\/\/agrcenter.com\/fr\/republique-de-cote-divoire-entre-le-realisme-de-la-democratie-et-les-images-de-la-dictature\/#breadcrumb\",\"itemListElement\":[{\"@type\":\"ListItem\",\"position\":1,\"name\":\"Home\",\"item\":\"https:\/\/agrcenter.com\/fr\/\"},{\"@type\":\"ListItem\",\"position\":2,\"name\":\"La relance du projet \u00ab Alli\u00e9s de l\u2019Est \u00bb est-elle une obligation soudanaise ou un choix somalien?\"}]},{\"@type\":\"WebSite\",\"@id\":\"https:\/\/agrcenter.com\/fr\/#website\",\"url\":\"https:\/\/agrcenter.com\/fr\/\",\"name\":\"\u0645\u0631\u0643\u0632 \u0627\u0644\u0639\u0644\u0627\u0642\u0627\u062a \u0627\u0644\u062e\u0644\u064a\u062c\u064a\u0629 \u0627\u0644\u0623\u0641\u0631\u064a\u0642\u064a\u0629\",\"description\":\"\",\"publisher\":{\"@id\":\"https:\/\/agrcenter.com\/fr\/#organization\"},\"potentialAction\":[{\"@type\":\"SearchAction\",\"target\":{\"@type\":\"EntryPoint\",\"urlTemplate\":\"https:\/\/agrcenter.com\/fr\/?s={search_term_string}\"},\"query-input\":{\"@type\":\"PropertyValueSpecification\",\"valueRequired\":true,\"valueName\":\"search_term_string\"}}],\"inLanguage\":\"fr-FR\"},{\"@type\":\"Organization\",\"@id\":\"https:\/\/agrcenter.com\/fr\/#organization\",\"name\":\"\u0645\u0631\u0643\u0632 \u0627\u0644\u0639\u0644\u0627\u0642\u0627\u062a \u0627\u0644\u062e\u0644\u064a\u062c\u064a\u0629 \u0627\u0644\u0623\u0641\u0631\u064a\u0642\u064a\u0629\",\"url\":\"https:\/\/agrcenter.com\/fr\/\",\"logo\":{\"@type\":\"ImageObject\",\"inLanguage\":\"fr-FR\",\"@id\":\"https:\/\/agrcenter.com\/fr\/#\/schema\/logo\/image\/\",\"url\":\"https:\/\/agrcenter.com\/wp-content\/uploads\/2024\/09\/logo-new-finel-e1726706446654.png\",\"contentUrl\":\"https:\/\/agrcenter.com\/wp-content\/uploads\/2024\/09\/logo-new-finel-e1726706446654.png\",\"width\":1882,\"height\":517,\"caption\":\"\u0645\u0631\u0643\u0632 \u0627\u0644\u0639\u0644\u0627\u0642\u0627\u062a \u0627\u0644\u062e\u0644\u064a\u062c\u064a\u0629 \u0627\u0644\u0623\u0641\u0631\u064a\u0642\u064a\u0629\"},\"image\":{\"@id\":\"https:\/\/agrcenter.com\/fr\/#\/schema\/logo\/image\/\"},\"sameAs\":[\"https:\/\/www.facebook.com\/agrcenter.2022\",\"https:\/\/x.com\/agrcenter\",\"https:\/\/www.youtube.com\/@afrogulfrelations7538\",\"https:\/\/www.instagram.com\/agrcenter\/\"]},{\"@type\":\"Person\",\"@id\":\"https:\/\/agrcenter.com\/fr\/#\/schema\/person\/317ad6e0e679bf6784cd4c75eec885c6\",\"name\":\"t t\",\"image\":{\"@type\":\"ImageObject\",\"inLanguage\":\"fr-FR\",\"@id\":\"https:\/\/agrcenter.com\/fr\/#\/schema\/person\/image\/\",\"url\":\"https:\/\/secure.gravatar.com\/avatar\/6cd8c2d3feb217d1a8f4bef0b7f402e9d99f43c61aad28af2c7eadf7da29d11a?s=96&d=mm&r=g\",\"contentUrl\":\"https:\/\/secure.gravatar.com\/avatar\/6cd8c2d3feb217d1a8f4bef0b7f402e9d99f43c61aad28af2c7eadf7da29d11a?s=96&d=mm&r=g\",\"caption\":\"t t\"}}]}<\/script>\n<!-- \/ Yoast SEO plugin. -->","yoast_head_json":{"title":"La relance du projet \u00ab Alli\u00e9s de l\u2019Est \u00bb est-elle une obligation soudanaise ou un choix somalien? - \u0645\u0631\u0643\u0632 \u0627\u0644\u0639\u0644\u0627\u0642\u0627\u062a \u0627\u0644\u062e\u0644\u064a\u062c\u064a\u0629 \u0627\u0644\u0623\u0641\u0631\u064a\u0642\u064a\u0629","robots":{"index":"index","follow":"follow","max-snippet":"max-snippet:-1","max-image-preview":"max-image-preview:large","max-video-preview":"max-video-preview:-1"},"canonical":"https:\/\/agrcenter.com\/fr\/republique-de-cote-divoire-entre-le-realisme-de-la-democratie-et-les-images-de-la-dictature\/","og_locale":"fr_FR","og_type":"article","og_title":"La relance du projet \u00ab Alli\u00e9s de l\u2019Est \u00bb est-elle une obligation soudanaise ou un choix somalien? - \u0645\u0631\u0643\u0632 \u0627\u0644\u0639\u0644\u0627\u0642\u0627\u062a \u0627\u0644\u062e\u0644\u064a\u062c\u064a\u0629 \u0627\u0644\u0623\u0641\u0631\u064a\u0642\u064a\u0629","og_description":"Des responsables politiques et certaines anciennes figures s\u00e9curitaires africaines relatent un \u00e9pisode survenu dans les ann\u00e9es 1980 : une r\u00e9union priv\u00e9e entre le ministre somalien de la S\u00e9curit\u00e9 nationale de l\u2019\u00e9poque, Ahmed Abdallah Youssouf, et l\u2019ancien ministre soudanais de l\u2019Int\u00e9rieur, le g\u00e9n\u00e9ral Abdel Rahman Farah. Ce dernier entama la conversation en d\u00e9clarant:","og_url":"https:\/\/agrcenter.com\/fr\/republique-de-cote-divoire-entre-le-realisme-de-la-democratie-et-les-images-de-la-dictature\/","og_site_name":"\u0645\u0631\u0643\u0632 \u0627\u0644\u0639\u0644\u0627\u0642\u0627\u062a \u0627\u0644\u062e\u0644\u064a\u062c\u064a\u0629 \u0627\u0644\u0623\u0641\u0631\u064a\u0642\u064a\u0629","article_publisher":"https:\/\/www.facebook.com\/agrcenter.2022","article_published_time":"2025-08-27T11:07:30+00:00","article_modified_time":"2025-08-27T11:25:38+00:00","og_image":[{"width":1280,"height":853,"url":"https:\/\/agrcenter.com\/wp-content\/uploads\/2025\/08\/WhatsApp-Image-2025-08-26-at-20.27.19.jpeg","type":"image\/jpeg"}],"author":"t t","twitter_card":"summary_large_image","twitter_creator":"@agrcenter","twitter_site":"@agrcenter","twitter_misc":{"\u00c9crit par":"t t","Dur\u00e9e de lecture estim\u00e9e":"6 minutes"},"schema":{"@context":"https:\/\/schema.org","@graph":[{"@type":"Article","@id":"https:\/\/agrcenter.com\/fr\/republique-de-cote-divoire-entre-le-realisme-de-la-democratie-et-les-images-de-la-dictature\/#article","isPartOf":{"@id":"https:\/\/agrcenter.com\/fr\/republique-de-cote-divoire-entre-le-realisme-de-la-democratie-et-les-images-de-la-dictature\/"},"author":{"name":"t t","@id":"https:\/\/agrcenter.com\/fr\/#\/schema\/person\/317ad6e0e679bf6784cd4c75eec885c6"},"headline":"La relance du projet \u00ab Alli\u00e9s de l\u2019Est \u00bb est-elle une obligation soudanaise ou un choix somalien?","datePublished":"2025-08-27T11:07:30+00:00","dateModified":"2025-08-27T11:25:38+00:00","mainEntityOfPage":{"@id":"https:\/\/agrcenter.com\/fr\/republique-de-cote-divoire-entre-le-realisme-de-la-democratie-et-les-images-de-la-dictature\/"},"wordCount":1174,"commentCount":0,"publisher":{"@id":"https:\/\/agrcenter.com\/fr\/#organization"},"image":{"@id":"https:\/\/agrcenter.com\/fr\/republique-de-cote-divoire-entre-le-realisme-de-la-democratie-et-les-images-de-la-dictature\/#primaryimage"},"thumbnailUrl":"https:\/\/agrcenter.com\/wp-content\/uploads\/2025\/08\/WhatsApp-Image-2025-08-26-at-20.27.19.jpeg","articleSection":["\u00c9tudes et recherches"],"inLanguage":"fr-FR","potentialAction":[{"@type":"CommentAction","name":"Comment","target":["https:\/\/agrcenter.com\/fr\/republique-de-cote-divoire-entre-le-realisme-de-la-democratie-et-les-images-de-la-dictature\/#respond"]}]},{"@type":"WebPage","@id":"https:\/\/agrcenter.com\/fr\/republique-de-cote-divoire-entre-le-realisme-de-la-democratie-et-les-images-de-la-dictature\/","url":"https:\/\/agrcenter.com\/fr\/republique-de-cote-divoire-entre-le-realisme-de-la-democratie-et-les-images-de-la-dictature\/","name":"La relance du projet \u00ab Alli\u00e9s de l\u2019Est \u00bb est-elle une obligation soudanaise ou un choix somalien? - \u0645\u0631\u0643\u0632 \u0627\u0644\u0639\u0644\u0627\u0642\u0627\u062a \u0627\u0644\u062e\u0644\u064a\u062c\u064a\u0629 \u0627\u0644\u0623\u0641\u0631\u064a\u0642\u064a\u0629","isPartOf":{"@id":"https:\/\/agrcenter.com\/fr\/#website"},"primaryImageOfPage":{"@id":"https:\/\/agrcenter.com\/fr\/republique-de-cote-divoire-entre-le-realisme-de-la-democratie-et-les-images-de-la-dictature\/#primaryimage"},"image":{"@id":"https:\/\/agrcenter.com\/fr\/republique-de-cote-divoire-entre-le-realisme-de-la-democratie-et-les-images-de-la-dictature\/#primaryimage"},"thumbnailUrl":"https:\/\/agrcenter.com\/wp-content\/uploads\/2025\/08\/WhatsApp-Image-2025-08-26-at-20.27.19.jpeg","datePublished":"2025-08-27T11:07:30+00:00","dateModified":"2025-08-27T11:25:38+00:00","breadcrumb":{"@id":"https:\/\/agrcenter.com\/fr\/republique-de-cote-divoire-entre-le-realisme-de-la-democratie-et-les-images-de-la-dictature\/#breadcrumb"},"inLanguage":"fr-FR","potentialAction":[{"@type":"ReadAction","target":["https:\/\/agrcenter.com\/fr\/republique-de-cote-divoire-entre-le-realisme-de-la-democratie-et-les-images-de-la-dictature\/"]}]},{"@type":"ImageObject","inLanguage":"fr-FR","@id":"https:\/\/agrcenter.com\/fr\/republique-de-cote-divoire-entre-le-realisme-de-la-democratie-et-les-images-de-la-dictature\/#primaryimage","url":"https:\/\/agrcenter.com\/wp-content\/uploads\/2025\/08\/WhatsApp-Image-2025-08-26-at-20.27.19.jpeg","contentUrl":"https:\/\/agrcenter.com\/wp-content\/uploads\/2025\/08\/WhatsApp-Image-2025-08-26-at-20.27.19.jpeg","width":1280,"height":853},{"@type":"BreadcrumbList","@id":"https:\/\/agrcenter.com\/fr\/republique-de-cote-divoire-entre-le-realisme-de-la-democratie-et-les-images-de-la-dictature\/#breadcrumb","itemListElement":[{"@type":"ListItem","position":1,"name":"Home","item":"https:\/\/agrcenter.com\/fr\/"},{"@type":"ListItem","position":2,"name":"La relance du projet \u00ab Alli\u00e9s de l\u2019Est \u00bb est-elle une obligation soudanaise ou un choix somalien?"}]},{"@type":"WebSite","@id":"https:\/\/agrcenter.com\/fr\/#website","url":"https:\/\/agrcenter.com\/fr\/","name":"\u0645\u0631\u0643\u0632 \u0627\u0644\u0639\u0644\u0627\u0642\u0627\u062a \u0627\u0644\u062e\u0644\u064a\u062c\u064a\u0629 \u0627\u0644\u0623\u0641\u0631\u064a\u0642\u064a\u0629","description":"","publisher":{"@id":"https:\/\/agrcenter.com\/fr\/#organization"},"potentialAction":[{"@type":"SearchAction","target":{"@type":"EntryPoint","urlTemplate":"https:\/\/agrcenter.com\/fr\/?s={search_term_string}"},"query-input":{"@type":"PropertyValueSpecification","valueRequired":true,"valueName":"search_term_string"}}],"inLanguage":"fr-FR"},{"@type":"Organization","@id":"https:\/\/agrcenter.com\/fr\/#organization","name":"\u0645\u0631\u0643\u0632 \u0627\u0644\u0639\u0644\u0627\u0642\u0627\u062a \u0627\u0644\u062e\u0644\u064a\u062c\u064a\u0629 \u0627\u0644\u0623\u0641\u0631\u064a\u0642\u064a\u0629","url":"https:\/\/agrcenter.com\/fr\/","logo":{"@type":"ImageObject","inLanguage":"fr-FR","@id":"https:\/\/agrcenter.com\/fr\/#\/schema\/logo\/image\/","url":"https:\/\/agrcenter.com\/wp-content\/uploads\/2024\/09\/logo-new-finel-e1726706446654.png","contentUrl":"https:\/\/agrcenter.com\/wp-content\/uploads\/2024\/09\/logo-new-finel-e1726706446654.png","width":1882,"height":517,"caption":"\u0645\u0631\u0643\u0632 \u0627\u0644\u0639\u0644\u0627\u0642\u0627\u062a \u0627\u0644\u062e\u0644\u064a\u062c\u064a\u0629 \u0627\u0644\u0623\u0641\u0631\u064a\u0642\u064a\u0629"},"image":{"@id":"https:\/\/agrcenter.com\/fr\/#\/schema\/logo\/image\/"},"sameAs":["https:\/\/www.facebook.com\/agrcenter.2022","https:\/\/x.com\/agrcenter","https:\/\/www.youtube.com\/@afrogulfrelations7538","https:\/\/www.instagram.com\/agrcenter\/"]},{"@type":"Person","@id":"https:\/\/agrcenter.com\/fr\/#\/schema\/person\/317ad6e0e679bf6784cd4c75eec885c6","name":"t t","image":{"@type":"ImageObject","inLanguage":"fr-FR","@id":"https:\/\/agrcenter.com\/fr\/#\/schema\/person\/image\/","url":"https:\/\/secure.gravatar.com\/avatar\/6cd8c2d3feb217d1a8f4bef0b7f402e9d99f43c61aad28af2c7eadf7da29d11a?s=96&d=mm&r=g","contentUrl":"https:\/\/secure.gravatar.com\/avatar\/6cd8c2d3feb217d1a8f4bef0b7f402e9d99f43c61aad28af2c7eadf7da29d11a?s=96&d=mm&r=g","caption":"t t"}}]}},"_links":{"self":[{"href":"https:\/\/agrcenter.com\/fr\/wp-json\/wp\/v2\/posts\/12143","targetHints":{"allow":["GET"]}}],"collection":[{"href":"https:\/\/agrcenter.com\/fr\/wp-json\/wp\/v2\/posts"}],"about":[{"href":"https:\/\/agrcenter.com\/fr\/wp-json\/wp\/v2\/types\/post"}],"author":[{"embeddable":true,"href":"https:\/\/agrcenter.com\/fr\/wp-json\/wp\/v2\/users\/6"}],"replies":[{"embeddable":true,"href":"https:\/\/agrcenter.com\/fr\/wp-json\/wp\/v2\/comments?post=12143"}],"version-history":[{"count":6,"href":"https:\/\/agrcenter.com\/fr\/wp-json\/wp\/v2\/posts\/12143\/revisions"}],"predecessor-version":[{"id":12164,"href":"https:\/\/agrcenter.com\/fr\/wp-json\/wp\/v2\/posts\/12143\/revisions\/12164"}],"wp:featuredmedia":[{"embeddable":true,"href":"https:\/\/agrcenter.com\/fr\/wp-json\/wp\/v2\/media\/12146"}],"wp:attachment":[{"href":"https:\/\/agrcenter.com\/fr\/wp-json\/wp\/v2\/media?parent=12143"}],"wp:term":[{"taxonomy":"category","embeddable":true,"href":"https:\/\/agrcenter.com\/fr\/wp-json\/wp\/v2\/categories?post=12143"},{"taxonomy":"post_tag","embeddable":true,"href":"https:\/\/agrcenter.com\/fr\/wp-json\/wp\/v2\/tags?post=12143"}],"curies":[{"name":"wp","href":"https:\/\/api.w.org\/{rel}","templated":true}]}}